{"id":2422,"date":"2013-08-24T17:51:51","date_gmt":"2013-08-24T17:51:51","guid":{"rendered":"http:\/\/minorpostcards.fi\/ajankohtaista\/vuosi-postikortteja-takanapain"},"modified":"2013-08-24T17:51:51","modified_gmt":"2013-08-24T17:51:51","slug":"vuosi-postikortteja-takanapain","status":"publish","type":"post","link":"https:\/\/minorpostcards.fi\/fi\/ajankohtaista\/vuosi-postikortteja-takanapain\/","title":{"rendered":"Vuosi postikortteja takanap\u00e4in!"},"content":{"rendered":"<div>\n<div>T\u00e4ytyy sanoa ett\u00e4 ensimm\u00e4inen vuosi korttikauppiaana tuli t\u00e4yteen ihan huomaamatta. Muutenkin aika on mennyt nopeasti ja ajankohtaiset asiat ovat t\u00e4ll\u00e4 kertaa pikemminkin menneen muistelua.<\/div>\n<div>\ud83d\ude00<\/div>\n<\/div>\n<div>Kev\u00e4ttalvi kului nopeasti uusia kortteja suunnitellessa ja miettiess\u00e4. Valmiit kortit tulivat painosta huhtikuussa ja ne lis\u00e4ttiin verkkokaupan sivuille sek\u00e4 esiteltiin j\u00e4lleenmyyjille. Korttien painopaikka vaihdettiin l\u00e4hemm\u00e4ksi Mikkeliin, nyt koevedosten tutkiminen ja valmiiden korttien hakeminen sujuu nopeasti. Painopaikan mukana vaihtui my\u00f6s painotekniikka: l\u00e4hes kaikki uuden kortit ovat offset- painettuja ja edellisiin digipainettuihin kortteihin verrattuna parempilaatuisia. \u00a0Verkkokauppaan on lis\u00e4tty kortin tageihin kortin painotapa ja kaikki uudet kortit ovat jatkossa ilmeisesti offset-painettuja.<\/div>\n<div><\/div>\n<div>Verkkokauppaan lis\u00e4ttiin toivottu hakemisto, josta kortit l\u00f6ytyv\u00e4t nyt my\u00f6s eri aiheittain jaettuna. Kes\u00e4n lopulla oli kaupassa tietysti kes\u00e4ale!<\/div>\n<div>\n<div><\/div>\n<div>Facebook sivulla ja Postcrossing- foorumilla kyseltiin ideoita ja toiveita kansallispukukorteista. Hyvi\u00e4 ideoita tuli paljon ja pukuja kuvattiinkin hein\u00e4kuussa monessa tilanteessa ja my\u00f6s eri paikakunnilla. Uusia kortteja on tulossa painosta syyskuun alkupuolella, mukana noita kes\u00e4isi\u00e4 kuvia ja muitakin aiheita.<\/div>\n<div><\/div>\n<div>Pian saamme uudet kortit kauppaan, ja toivottavasti saamme palautetta niist\u00e4!<\/div>\n<div>Aurinkoisia syysp\u00e4ivi\u00e4!<\/div>\n<div><\/div>\n<div>Minor Postcards<\/div>\n<\/div>\n","protected":false},"excerpt":{"rendered":"<p>T\u00e4ytyy sanoa ett\u00e4 ensimm\u00e4inen vuosi korttikauppiaana tuli t\u00e4yteen ihan huomaamatta. Muutenkin aika on mennyt nopeasti ja ajankohtaiset asiat ovat t\u00e4ll\u00e4 kertaa pikemminkin menneen muistelua. \ud83d\ude00 Kev\u00e4ttalvi kului nopeasti uusia kortteja suunnitellessa ja miettiess\u00e4. Valmiit kortit tulivat painosta huhtikuussa ja ne lis\u00e4ttiin verkkokaupan sivuille sek\u00e4 esiteltiin j\u00e4lleenmyyjille. Korttien painopaikka vaihdettiin l\u00e4hemm\u00e4ksi Mikkeliin, nyt koevedosten tutkiminen ja [&hellip;]<\/p>\n","protected":false},"author":1,"featured_media":0,"comment_status":"closed","ping_status":"open","sticky":false,"template":"","format":"standard","meta":{"footnotes":""},"categories":[54],"tags":[],"class_list":["post-2422","post","type-post","status-publish","format-standard","hentry","category-ajankohtaista"],"_links":{"self":[{"href":"https:\/\/minorpostcards.fi\/fi\/wp-json\/wp\/v2\/posts\/2422","targetHints":{"allow":["GET"]}}],"collection":[{"href":"https:\/\/minorpostcards.fi\/fi\/wp-json\/wp\/v2\/posts"}],"about":[{"href":"https:\/\/minorpostcards.fi\/fi\/wp-json\/wp\/v2\/types\/post"}],"author":[{"embeddable":true,"href":"https:\/\/minorpostcards.fi\/fi\/wp-json\/wp\/v2\/users\/1"}],"replies":[{"embeddable":true,"href":"https:\/\/minorpostcards.fi\/fi\/wp-json\/wp\/v2\/comments?post=2422"}],"version-history":[{"count":0,"href":"https:\/\/minorpostcards.fi\/fi\/wp-json\/wp\/v2\/posts\/2422\/revisions"}],"wp:attachment":[{"href":"https:\/\/minorpostcards.fi\/fi\/wp-json\/wp\/v2\/media?parent=2422"}],"wp:term":[{"taxonomy":"category","embeddable":true,"href":"https:\/\/minorpostcards.fi\/fi\/wp-json\/wp\/v2\/categories?post=2422"},{"taxonomy":"post_tag","embeddable":true,"href":"https:\/\/minorpostcards.fi\/fi\/wp-json\/wp\/v2\/tags?post=2422"}],"curies":[{"name":"wp","href":"https:\/\/api.w.org\/{rel}","templated":true}]}}