{"id":3509,"date":"2014-10-02T13:11:34","date_gmt":"2014-10-02T13:11:34","guid":{"rendered":"http:\/\/minorpostcards.fi\/ajankohtaista\/postimerkin-paiva-eli-world-post-day-2"},"modified":"2014-10-05T14:00:06","modified_gmt":"2014-10-05T14:00:06","slug":"postimerkin-paiva-eli-world-post-day-2","status":"publish","type":"post","link":"https:\/\/minorpostcards.fi\/fi\/ajankohtaista\/postimerkin-paiva-eli-world-post-day-2\/","title":{"rendered":"Postimerkin P\u00e4iv\u00e4 eli World Post Day"},"content":{"rendered":"<p>\u201dWorld Post Day\u201d\u00a0on joka vuosi lokakuun 9. p\u00e4iv\u00e4.\u00a0P\u00e4iv\u00e4n tarkoituksena on juhlistaa ja muistuttaa postipalvelujen t\u00e4rkeydest\u00e4.\u00a0Suomessa lokakuun 9. p\u00e4iv\u00e4n\u00e4 on\u00a0<strong>\u201d<a href=\"http:\/\/www.posti.fi\/tiedotteet\/2014\/20141001_postimerkin_paiva_091014.html\" target=\"_blank\">Postimerkin P\u00e4iv\u00e4<\/a>\u201d<\/strong>. P\u00e4iv\u00e4n kunniaksi moni Postin oma myym\u00e4l\u00e4 julkaisee oman <a href=\"http:\/\/digilibrary.itella.com\/?cart=1858-glddahlcjl&amp;l=FI\" target=\"_blank\">postimerkin<\/a> ja monissa on lis\u00e4ksi saatavilla p\u00e4iv\u00e4n erikoisleima.<\/p>\n<p>Minor osallistuu p\u00e4iv\u00e4n juhlimiseen my\u00f6s t\u00e4n\u00e4 vuonna ja antaa kaikista 6.10.-12.10. v\u00e4lisen\u00e4 aikana tehdyist\u00e4 tilauksista<b> -15% alennuksen!!!!\u00a0<\/b>Alennuksen saa koodilla\u00a0<b>wpd14<\/b>\u00a0ja koodi lis\u00e4t\u00e4\u00e4n ennen tilauksen maksamista.<\/p>\n<p>Postipalvelujen k\u00e4ytt\u00e4minen on t\u00e4rke\u00e4\u00e4 ett\u00e4 ne s\u00e4ilyisiv\u00e4t, yritet\u00e4\u00e4n siis omalta osaltamme pit\u00e4\u00e4 Kusti polkemassa ja posti kulkemassa.<\/p>\n<p>Paljon iloista postia kaikille!<\/p>\n<p>\ud83d\ude42<\/p>\n<p>Minor Postcards<\/p>\n","protected":false},"excerpt":{"rendered":"<p>\u201dWorld Post Day\u201d\u00a0on joka vuosi lokakuun 9. p\u00e4iv\u00e4.\u00a0P\u00e4iv\u00e4n tarkoituksena on juhlistaa ja muistuttaa postipalvelujen t\u00e4rkeydest\u00e4.\u00a0Suomessa lokakuun 9. p\u00e4iv\u00e4n\u00e4 on\u00a0\u201dPostimerkin P\u00e4iv\u00e4\u201d. P\u00e4iv\u00e4n kunniaksi moni Postin oma myym\u00e4l\u00e4 julkaisee oman postimerkin ja monissa on lis\u00e4ksi saatavilla p\u00e4iv\u00e4n erikoisleima. Minor osallistuu p\u00e4iv\u00e4n juhlimiseen my\u00f6s t\u00e4n\u00e4 vuonna ja antaa kaikista 6.10.-12.10. v\u00e4lisen\u00e4 aikana tehdyist\u00e4 tilauksista -15% alennuksen!!!!\u00a0Alennuksen saa koodilla\u00a0wpd14\u00a0ja [&hellip;]<\/p>\n","protected":false},"author":1,"featured_media":0,"comment_status":"open","ping_status":"open","sticky":false,"template":"","format":"standard","meta":{"footnotes":""},"categories":[54],"tags":[],"class_list":["post-3509","post","type-post","status-publish","format-standard","hentry","category-ajankohtaista"],"_links":{"self":[{"href":"https:\/\/minorpostcards.fi\/fi\/wp-json\/wp\/v2\/posts\/3509","targetHints":{"allow":["GET"]}}],"collection":[{"href":"https:\/\/minorpostcards.fi\/fi\/wp-json\/wp\/v2\/posts"}],"about":[{"href":"https:\/\/minorpostcards.fi\/fi\/wp-json\/wp\/v2\/types\/post"}],"author":[{"embeddable":true,"href":"https:\/\/minorpostcards.fi\/fi\/wp-json\/wp\/v2\/users\/1"}],"replies":[{"embeddable":true,"href":"https:\/\/minorpostcards.fi\/fi\/wp-json\/wp\/v2\/comments?post=3509"}],"version-history":[{"count":0,"href":"https:\/\/minorpostcards.fi\/fi\/wp-json\/wp\/v2\/posts\/3509\/revisions"}],"wp:attachment":[{"href":"https:\/\/minorpostcards.fi\/fi\/wp-json\/wp\/v2\/media?parent=3509"}],"wp:term":[{"taxonomy":"category","embeddable":true,"href":"https:\/\/minorpostcards.fi\/fi\/wp-json\/wp\/v2\/categories?post=3509"},{"taxonomy":"post_tag","embeddable":true,"href":"https:\/\/minorpostcards.fi\/fi\/wp-json\/wp\/v2\/tags?post=3509"}],"curies":[{"name":"wp","href":"https:\/\/api.w.org\/{rel}","templated":true}]}}