{"id":6338,"date":"2017-07-09T19:45:10","date_gmt":"2017-07-09T19:45:10","guid":{"rendered":"https:\/\/minorpostcards.fi\/?p=6338"},"modified":"2017-12-20T19:45:36","modified_gmt":"2017-12-20T19:45:36","slug":"jopas-aika-rientaa","status":"publish","type":"post","link":"https:\/\/minorpostcards.fi\/fi\/ajankohtaista\/jopas-aika-rientaa\/","title":{"rendered":"Jopas aika rient\u00e4\u00e4!!"},"content":{"rendered":"<p>Hein\u00e4kuussa tulee kuluneeksi viisi vuotta siit\u00e4, kun toiminimi\u00a0<span class=\"il\">Minor<\/span>\u00a0<span class=\"il\">Postcards<\/span>rekister\u00f6itiin. Olin miettinyt omien korttien tekemist\u00e4 jo vuosien ajan, ja perheen kannustamana ja tukemana ajatus viimein toteutui. Ensimm\u00e4iset Minorin kortit ja korttikirjat painettiin syksyll\u00e4 2012 digipainossa Etel\u00e4-Suomessa.<\/p>\n<p><img loading=\"lazy\" decoding=\"async\" class=\"aligncenter size-medium wp-image-6339\" src=\"https:\/\/minorpostcards.fi\/wp-content\/uploads\/Minor-kortteja-matkan-varrelta-800x600.png\" alt=\"\" width=\"800\" height=\"600\" \/><\/p>\n<p>Merkkip\u00e4iv\u00e4n johdosta nyt viimeiset varastossa olevat\u00a0<a href=\"https:\/\/minorpostcards.fi\/fi\/tarjouksessa-olevat-tuotteet\/\" target=\"_blank\" rel=\"noopener\" data-saferedirecturl=\"https:\/\/www.google.com\/url?hl=en&amp;q=https:\/\/minorpostcards.fi\/fi\/tarjouksessa-olevat-tuotteet\/&amp;source=gmail&amp;ust=1513885258042000&amp;usg=AFQjCNGby0yS6XsJDjdkbNUM2LebzhGQYA\">&#8221;etel\u00e4n kortit&#8221;<\/a>\u00a0myyd\u00e4\u00e4n puoleen hintaan niin kauan kuin niit\u00e4 riitt\u00e4\u00e4! Kaikki korttikirjat ovat my\u00f6s juhlatarjouksena hintaan 8\u20ac\/kpl.<\/p>\n<p style=\"padding-left: 30px;\">Korttien kaveriksi l\u00f6ytyy persoonallisia tarroja, joita on kiva k\u00e4ytt\u00e4\u00e4 korteissa. Itse pid\u00e4n t\u00e4ll\u00e4 hetkell\u00e4 eniten <a href=\"https:\/\/minorpostcards.fi\/fi\/?post_type=product&#038;p=5835\">emoji-tarroista<\/a> jotka on tehty ulkoministeri\u00f6n julkaisemista emojeista. N\u00e4iden tarrojen avulla korttien kirjoittamisesta on tullut melkein liiankin helppoa! Liimaan vain tarran korttiin, ja\u00a0<a href=\"https:\/\/finland.fi\/emoji\/\" target=\"_blank\" rel=\"noopener\" data-saferedirecturl=\"https:\/\/www.google.com\/url?hl=en&amp;q=https:\/\/finland.fi\/emoji\/&amp;source=gmail&amp;ust=1513885258042000&amp;usg=AFQjCNFa6E02AFTvjtzaV1cHSDY4tTcrpA\">ThisisFINLANDin sivuilta<\/a>\u00a0l\u00f6ytyykin englanniksi valmis teksti korttiin laitettavaksi. N\u00e4m\u00e4 tarratkin ovat juhlatarjouksessa, 0,50\u20ac\/arkki.<\/p>\n<p><img loading=\"lazy\" decoding=\"async\" class=\"aligncenter size-medium wp-image-6341\" src=\"https:\/\/minorpostcards.fi\/wp-content\/uploads\/emojitarroja-800x100.png\" alt=\"\" width=\"800\" height=\"100\" \/><\/p>\n<p>Uusia kortteja on taas ty\u00f6n alla, ja pari jo valmiinakin. Niist\u00e4 kerrotaan lis\u00e4\u00e4 syksyll\u00e4, kunhan tiedostot saadaan offsetpainoon Mikkeliin nykyiseen painotaloomme.<\/p>\n<p><strong>Ihanaa aurinkoista kes\u00e4\u00e4 kaikille!<\/strong><\/p>\n<p>Ps. H\u00e4meenlinnan Verkatehtaan vuosittainen postikorttitapahtuma Postikorttiparatiisi on t\u00e4n\u00e4 vuonna 9.9. klo 10-16. Tervetuloa, Minorin kortteja ja tarroja saa taas siell\u00e4!<\/p>\n<p>&nbsp;<\/p>\n","protected":false},"excerpt":{"rendered":"<p>Hein\u00e4kuussa tulee kuluneeksi viisi vuotta siit\u00e4, kun toiminimi\u00a0Minor\u00a0Postcardsrekister\u00f6itiin. Olin miettinyt omien korttien tekemist\u00e4 jo vuosien ajan, ja perheen kannustamana ja tukemana ajatus viimein toteutui. Ensimm\u00e4iset Minorin kortit ja korttikirjat painettiin syksyll\u00e4 2012 digipainossa Etel\u00e4-Suomessa. Merkkip\u00e4iv\u00e4n johdosta nyt viimeiset varastossa olevat\u00a0&#8221;etel\u00e4n kortit&#8221;\u00a0myyd\u00e4\u00e4n puoleen hintaan niin kauan kuin niit\u00e4 riitt\u00e4\u00e4! Kaikki korttikirjat ovat my\u00f6s juhlatarjouksena hintaan 8\u20ac\/kpl. [&hellip;]<\/p>\n","protected":false},"author":1,"featured_media":0,"comment_status":"open","ping_status":"open","sticky":false,"template":"","format":"standard","meta":{"footnotes":""},"categories":[54],"tags":[],"class_list":["post-6338","post","type-post","status-publish","format-standard","hentry","category-ajankohtaista"],"_links":{"self":[{"href":"https:\/\/minorpostcards.fi\/fi\/wp-json\/wp\/v2\/posts\/6338","targetHints":{"allow":["GET"]}}],"collection":[{"href":"https:\/\/minorpostcards.fi\/fi\/wp-json\/wp\/v2\/posts"}],"about":[{"href":"https:\/\/minorpostcards.fi\/fi\/wp-json\/wp\/v2\/types\/post"}],"author":[{"embeddable":true,"href":"https:\/\/minorpostcards.fi\/fi\/wp-json\/wp\/v2\/users\/1"}],"replies":[{"embeddable":true,"href":"https:\/\/minorpostcards.fi\/fi\/wp-json\/wp\/v2\/comments?post=6338"}],"version-history":[{"count":2,"href":"https:\/\/minorpostcards.fi\/fi\/wp-json\/wp\/v2\/posts\/6338\/revisions"}],"predecessor-version":[{"id":6344,"href":"https:\/\/minorpostcards.fi\/fi\/wp-json\/wp\/v2\/posts\/6338\/revisions\/6344"}],"wp:attachment":[{"href":"https:\/\/minorpostcards.fi\/fi\/wp-json\/wp\/v2\/media?parent=6338"}],"wp:term":[{"taxonomy":"category","embeddable":true,"href":"https:\/\/minorpostcards.fi\/fi\/wp-json\/wp\/v2\/categories?post=6338"},{"taxonomy":"post_tag","embeddable":true,"href":"https:\/\/minorpostcards.fi\/fi\/wp-json\/wp\/v2\/tags?post=6338"}],"curies":[{"name":"wp","href":"https:\/\/api.w.org\/{rel}","templated":true}]}}